{"id":1019,"date":"2025-03-04T13:20:00","date_gmt":"2025-03-04T13:20:00","guid":{"rendered":"https:\/\/powerinsideout.com\/?p=1019"},"modified":"2026-02-13T15:41:15","modified_gmt":"2026-02-13T15:41:15","slug":"the-delegation-trap-are-you-a-bottleneck-to-your-own-growth","status":"publish","type":"post","link":"http:\/\/powerinsideout.com\/es\/the-delegation-trap-are-you-a-bottleneck-to-your-own-growth\/","title":{"rendered":"La Trampa de la Delegaci\u00f3n: \u00bfEres un Cuello de Botella para tu Propio Crecimiento?"},"content":{"rendered":"<div data-elementor-type=\"wp-post\" data-elementor-id=\"1019\" class=\"elementor elementor-1019\">\n\t\t\t\t<div class=\"elementor-element elementor-element-b36b1d1 e-flex e-con-boxed e-con e-parent\" data-id=\"b36b1d1\" data-element_type=\"container\" data-e-type=\"container\">\n\t\t\t\t\t<div class=\"e-con-inner\">\n\t\t\t\t<div class=\"elementor-element elementor-element-932fa28 elementor-widget elementor-widget-heading\" data-id=\"932fa28\" data-element_type=\"widget\" data-e-type=\"widget\" data-widget_type=\"heading.default\">\n\t\t\t\t\t<h2 class=\"elementor-heading-title elementor-size-default\">La Trampa de la Delegaci\u00f3n: \u00bfEres un Cuello de Botella para tu Propio Crecimiento?<\/h2>\t\t\t\t<\/div>\n\t\t\t\t\t<\/div>\n\t\t\t\t<\/div>\n\t\t<div class=\"elementor-element elementor-element-19570db e-flex e-con-boxed e-con e-parent\" data-id=\"19570db\" data-element_type=\"container\" data-e-type=\"container\">\n\t\t\t\t\t<div class=\"e-con-inner\">\n\t\t<div class=\"elementor-element elementor-element-a4ac9c1 e-con-full e-flex e-con e-child\" data-id=\"a4ac9c1\" data-element_type=\"container\" data-e-type=\"container\">\n\t\t\t\t<div class=\"elementor-element elementor-element-e1d0adb elementor-widget elementor-widget-image\" data-id=\"e1d0adb\" data-element_type=\"widget\" data-e-type=\"widget\" data-widget_type=\"image.default\">\n\t\t\t\t\t\t\t\t\t\t\t\t\t\t\t<img fetchpriority=\"high\" decoding=\"async\" width=\"350\" height=\"350\" src=\"https:\/\/powerinsideout.com\/wp-content\/uploads\/2025\/10\/2.png\" class=\"attachment-large size-large wp-image-594\" alt=\"\" srcset=\"https:\/\/powerinsideout.com\/wp-content\/uploads\/2025\/10\/2.png 350w, https:\/\/powerinsideout.com\/wp-content\/uploads\/2025\/10\/2-300x300.png 300w, https:\/\/powerinsideout.com\/wp-content\/uploads\/2025\/10\/2-150x150.png 150w, https:\/\/powerinsideout.com\/wp-content\/uploads\/2025\/10\/2-12x12.png 12w\" sizes=\"100vw\" \/>\t\t\t\t\t\t\t\t\t\t\t\t\t\t\t<\/div>\n\t\t\t\t<\/div>\n\t\t<div class=\"elementor-element elementor-element-55f88fd e-con-full e-flex e-con e-child\" data-id=\"55f88fd\" data-element_type=\"container\" data-e-type=\"container\">\n\t\t\t\t<div class=\"elementor-element elementor-element-dcfb9bb elementor-widget elementor-widget-text-editor\" data-id=\"dcfb9bb\" data-element_type=\"widget\" data-e-type=\"widget\" data-widget_type=\"text-editor.default\">\n\t\t\t\t\t\t\t\t\t<p><span class=\"a_GcMg font-feature-liga-off font-feature-clig-off font-feature-calt-off text-decoration-none text-strikethrough-none\">Driving Rapid Growth for Your Company with Fortune 500 Best Practices | Digital Transformation Leader | Leadership Development | Sales Director | Certified Organizational Coach |<\/span><\/p>\t\t\t\t\t\t\t\t<\/div>\n\t\t\t\t<div class=\"elementor-element elementor-element-6de8de8 elementor-shape-rounded elementor-grid-0 e-grid-align-center elementor-widget elementor-widget-social-icons\" data-id=\"6de8de8\" data-element_type=\"widget\" data-e-type=\"widget\" data-widget_type=\"social-icons.default\">\n\t\t\t\t\t\t\t<div class=\"elementor-social-icons-wrapper elementor-grid\">\n\t\t\t\t\t\t\t<span class=\"elementor-grid-item\">\n\t\t\t\t\t<a class=\"elementor-icon elementor-social-icon elementor-social-icon-linkedin elementor-repeater-item-a5d79d3\" href=\"https:\/\/www.linkedin.com\/in\/lucasmartinez1\/\" target=\"_blank\">\n\t\t\t\t\t\t<span class=\"elementor-screen-only\">Linkedin<\/span>\n\t\t\t\t\t\t<svg aria-hidden=\"true\" class=\"e-font-icon-svg e-fab-linkedin\" viewbox=\"0 0 448 512\" xmlns=\"http:\/\/www.w3.org\/2000\/svg\"><path d=\"M416 32H31.9C14.3 32 0 46.5 0 64.3v383.4C0 465.5 14.3 480 31.9 480H416c17.6 0 32-14.5 32-32.3V64.3c0-17.8-14.4-32.3-32-32.3zM135.4 416H69V202.2h66.5V416zm-33.2-243c-21.3 0-38.5-17.3-38.5-38.5S80.9 96 102.2 96c21.2 0 38.5 17.3 38.5 38.5 0 21.3-17.2 38.5-38.5 38.5zm282.1 243h-66.4V312c0-24.8-.5-56.7-34.5-56.7-34.6 0-39.9 27-39.9 54.9V416h-66.4V202.2h63.7v29.2h.9c8.9-16.8 30.6-34.5 62.9-34.5 67.2 0 79.7 44.3 79.7 101.9V416z\"><\/path><\/svg>\t\t\t\t\t<\/a>\n\t\t\t\t<\/span>\n\t\t\t\t\t<\/div>\n\t\t\t\t\t\t<\/div>\n\t\t\t\t<\/div>\n\t\t\t\t\t<\/div>\n\t\t\t\t<\/div>\n\t\t<div class=\"elementor-element elementor-element-7040108 e-flex e-con-boxed e-con e-parent\" data-id=\"7040108\" data-element_type=\"container\" data-e-type=\"container\">\n\t\t\t\t\t<div class=\"e-con-inner\">\n\t\t\t\t<div class=\"elementor-element elementor-element-63e40a1 elementor-widget elementor-widget-text-editor\" data-id=\"63e40a1\" data-element_type=\"widget\" data-e-type=\"widget\" data-widget_type=\"text-editor.default\">\n\t\t\t\t\t\t\t\t\t<p class=\"cvGsUA direction-ltr align-justify para-style-body\"><span class=\"a_GcMg font-feature-liga-off font-feature-clig-off font-feature-calt-off text-decoration-none text-strikethrough-none\">4 de marzo, 2025<\/span><\/p><p class=\"cvGsUA direction-ltr align-justify para-style-body\"><span class=\"a_GcMg font-feature-liga-off font-feature-clig-off font-feature-calt-off text-decoration-none text-strikethrough-none\">\u00bfTrabajas 60 horas a la semana mientras tu equipo parece subutilizado? Podr\u00edas estar atrapado en la trampa de la delegaci\u00f3n, convirti\u00e9ndote en el mismo cuello de botella que intentas evitar. Dominar la delegaci\u00f3n es m\u00e1s que solo distribuir tareas; es una clave para desbloquear el crecimiento organizacional y el potencial individual.<\/span><\/p><p class=\"cvGsUA direction-ltr align-justify para-style-body\"><span class=\"a_GcMg font-feature-liga-off font-feature-clig-off font-feature-calt-off text-decoration-none text-strikethrough-none\">Al principio de mi carrera, se me dio la oportunidad de delegar tareas. Despu\u00e9s de completar mi licenciatura, fui designado para administrar los laboratorios de la universidad, supervisando 100 computadoras y un centro de datos. De manera informal, reclut\u00e9 a un grupo de estudiantes para que me ayudaran, y a trav\u00e9s de esta experiencia, me di cuenta de que delegar tareas me permit\u00eda lograr mucho m\u00e1s de lo que podr\u00eda hacer por mi cuenta.<\/span><\/p><p class=\"cvGsUA direction-ltr align-justify para-style-body\"><span class=\"a_GcMg font-feature-liga-off font-feature-clig-off font-feature-calt-off text-decoration-none text-strikethrough-none\">Me di cuenta de que si se comet\u00edan errores, yo ser\u00eda el culpable. Sin embargo, si todo sal\u00eda bien, mi equipo informal estar\u00eda motivado para aprender y yo podr\u00eda ofrecer un mejor servicio a la universidad.<\/span><\/p><p class=\"cvGsUA direction-ltr align-justify para-style-body\"><span class=\"a_GcMg font-feature-liga-off font-feature-clig-off font-feature-calt-off text-decoration-none text-strikethrough-none\">La delegaci\u00f3n es una habilidad cr\u00edtica para un liderazgo efectivo. A menudo se aborda en discusiones con clientes que buscan mejorar su visi\u00f3n para los negocios y sus competencias de liderazgo. El crecimiento de una empresa depende de que sus l\u00edderes dominen el arte de delegar.<\/span><\/p><p class=\"cvGsUA direction-ltr align-justify para-style-body\"><span class=\"a_GcMg font-feature-liga-off font-feature-clig-off font-feature-calt-off text-decoration-none text-strikethrough-none\">Al delegar r\u00e1pidamente las tareas no esenciales, aceleramos nuestro crecimiento y ofrecemos a otros la oportunidad de mejorar sus habilidades y desarrollo.<\/span><\/p><p class=\"cvGsUA direction-ltr align-justify para-style-body\"><span class=\"a_GcMg font-feature-liga-off font-feature-clig-off font-feature-calt-off text-decoration-none text-strikethrough-none\">Delegar es una oportunidad para el crecimiento de todos: una verdadera estrategia ganar-ganar-ganar.<\/span><\/p><p class=\"cvGsUA direction-ltr align-justify para-style-body\"><span class=\"a_GcMg font-feature-liga-off font-feature-clig-off font-feature-calt-off text-decoration-none text-strikethrough-none\">\u2714 El que delega crece<\/span><\/p><p class=\"cvGsUA direction-ltr align-justify para-style-body\"><span class=\"a_GcMg font-feature-liga-off font-feature-clig-off font-feature-calt-off text-decoration-none text-strikethrough-none\">\u2714 El que asume la tarea crece<\/span><\/p><p class=\"cvGsUA direction-ltr align-justify para-style-body\"><span class=\"a_GcMg font-feature-liga-off font-feature-clig-off font-feature-calt-off text-decoration-none text-strikethrough-none\">\u2714 La organizaci\u00f3n que conf\u00eda en su gente crece<\/span><\/p>\t\t\t\t\t\t\t\t<\/div>\n\t\t\t\t\t<\/div>\n\t\t\t\t<\/div>\n\t\t<div class=\"elementor-element elementor-element-d302a97 e-flex e-con-boxed e-con e-parent\" data-id=\"d302a97\" data-element_type=\"container\" data-e-type=\"container\">\n\t\t\t\t\t<div class=\"e-con-inner\">\n\t\t\t\t<div class=\"elementor-element elementor-element-954d12f elementor-widget elementor-widget-image\" data-id=\"954d12f\" data-element_type=\"widget\" data-e-type=\"widget\" data-widget_type=\"image.default\">\n\t\t\t\t\t\t\t\t\t\t\t\t\t\t\t<img decoding=\"async\" width=\"950\" height=\"285\" src=\"https:\/\/powerinsideout.com\/wp-content\/uploads\/2025\/10\/market-layoffs.png\" class=\"attachment-large size-large wp-image-1012\" alt=\"\" srcset=\"https:\/\/powerinsideout.com\/wp-content\/uploads\/2025\/10\/market-layoffs.png 1000w, https:\/\/powerinsideout.com\/wp-content\/uploads\/2025\/10\/market-layoffs-300x90.png 300w, https:\/\/powerinsideout.com\/wp-content\/uploads\/2025\/10\/market-layoffs-18x5.png 18w\" sizes=\"100vw\" \/>\t\t\t\t\t\t\t\t\t\t\t\t\t\t\t<\/div>\n\t\t\t\t\t<\/div>\n\t\t\t\t<\/div>\n\t\t<div class=\"elementor-element elementor-element-af05519 e-flex e-con-boxed e-con e-parent\" data-id=\"af05519\" data-element_type=\"container\" data-e-type=\"container\">\n\t\t\t\t\t<div class=\"e-con-inner\">\n\t\t\t\t<div class=\"elementor-element elementor-element-5693c2c elementor-widget elementor-widget-text-editor\" data-id=\"5693c2c\" data-element_type=\"widget\" data-e-type=\"widget\" data-widget_type=\"text-editor.default\">\n\t\t\t\t\t\t\t\t\t<p class=\"cvGsUA direction-ltr align-start para-style-body\"><span class=\"a_GcMg font-feature-liga-off font-feature-clig-off font-feature-calt-off text-decoration-none text-strikethrough-none\">En este art\u00edculo, analizaremos las complejidades de la delegaci\u00f3n, as\u00ed como las mejores pr\u00e1cticas para hacerla correctamente.<\/span><\/p>\n<p class=\"cvGsUA direction-ltr align-start para-style-body\"><span class=\"a_GcMg font-feature-liga-off font-feature-clig-off font-feature-calt-off text-decoration-none text-strikethrough-none\" style=\"color: #0b4068; font-weight: bold;\">Los Desaf\u00edos de la Delegaci\u00f3n<\/span><\/p>\n<p class=\"cvGsUA direction-ltr align-start para-style-body\"><span class=\"a_GcMg font-feature-liga-off font-feature-clig-off font-feature-calt-off text-decoration-none text-strikethrough-none\">Aqu\u00ed tienes cinco factores que contribuyen a la complejidad de este problema:<\/span><\/p>\n\n<ul>\n \t<li><span class=\"a_GcMg font-feature-liga-off font-feature-clig-off font-feature-calt-off text-decoration-none text-strikethrough-none\" style=\"color: #0b4068; font-weight: bold;\">Perfeccionismo y control: <\/span><span class=\"a_GcMg font-feature-liga-off font-feature-clig-off font-feature-calt-off text-decoration-none text-strikethrough-none\">Esto no es solo un rasgo de personalidad; es la base de la trampa de la delegaci\u00f3n. La creencia de que 'soy el \u00fanico que puede hacerlo bien' crea un cuello de botella, impidiendo que tu equipo se desarrolle y que t\u00fa te concentres en prioridades estrat\u00e9gicas.<\/span><\/li>\n \t<li><span class=\"a_GcMg font-feature-liga-off font-feature-clig-off font-feature-calt-off text-decoration-none text-strikethrough-none\" style=\"color: #0b4068; font-weight: bold;\">Inversi\u00f3n de tiempo:<\/span><span class=\"a_GcMg font-feature-liga-off font-feature-clig-off font-feature-calt-off text-decoration-none text-strikethrough-none\"> Inicialmente, delegar a menudo lleva m\u00e1s tiempo que hacer la tarea t\u00fa mismo. Los l\u00edderes deben invertir tiempo en ense\u00f1ar y explicar la tarea, lo que puede ser una barrera. Sin embargo, esta inversi\u00f3n se amortiza con el tiempo al liberar el tiempo del l\u00edder para un trabajo m\u00e1s estrat\u00e9gico.<\/span><\/li>\n \t<li><span class=\"a_GcMg font-feature-liga-off font-feature-clig-off font-feature-calt-off text-decoration-none text-strikethrough-none\" style=\"color: #0b4068; font-weight: bold;\">Falta de confianza:<\/span><span class=\"a_GcMg font-feature-liga-off font-feature-clig-off font-feature-calt-off text-decoration-none text-strikethrough-none\"> A algunos l\u00edderes les cuesta confiar en la capacidad de los miembros de su equipo para completar las tareas de manera efectiva. Esta falta de confianza en los dem\u00e1s hace que sea dif\u00edcil desprenderse de las responsabilidades. Si bien construir confianza es un componente clave del desarrollo del liderazgo, los l\u00edderes pueden estar lidiando con sus experiencias pasadas o tener miedo al fracaso.<\/span><\/li>\n \t<li><span class=\"a_GcMg font-feature-liga-off font-feature-clig-off font-feature-calt-off text-decoration-none text-strikethrough-none\" style=\"color: #0b4068; font-weight: bold;\">Preparaci\u00f3n inadecuada: <\/span><span class=\"a_GcMg font-feature-liga-off font-feature-clig-off font-feature-calt-off text-decoration-none text-strikethrough-none\">La delegaci\u00f3n efectiva requiere una planificaci\u00f3n cuidadosa y una comunicaci\u00f3n clara. Los l\u00edderes que no se toman el tiempo de prepararse adecuadamente para la delegaci\u00f3n a menudo la encuentran frustrante.<\/span><\/li>\n \t<li><span class=\"a_GcMg font-feature-liga-off font-feature-clig-off font-feature-calt-off text-decoration-none text-strikethrough-none\" style=\"color: #0b4068; font-weight: bold;\">Dificultad en la transici\u00f3n de roles:<\/span><span class=\"a_GcMg font-feature-liga-off font-feature-clig-off font-feature-calt-off text-decoration-none text-strikethrough-none\"> Muchos l\u00edderes luchan con el cambio de ser un \"ejecutor\" a ser un \"l\u00edder\", especialmente si han sido ascendidos desde dentro del equipo. Dejar de lado las tareas conocidas puede ser emocionalmente desafiante.<\/span><\/li>\n<\/ul>\n<p class=\"cvGsUA direction-ltr align-start para-style-body\"><span class=\"a_GcMg font-feature-liga-off font-feature-clig-off font-feature-calt-off text-decoration-none text-strikethrough-none\">Podemos ver el impacto de no delegar correctamente en las estad\u00edsticas: \"El 77% de los empleados ha experimentado burnout en su trabajo actual\" (Fuente: Estudio de Burnout Laboral de Deloitte de 2017). \"El 70% de los empleados siente que no tiene la oportunidad de desarrollar sus habilidades en el trabajo\" (Fuente: Aptitude Management).<\/span><\/p>\t\t\t\t\t\t\t\t<\/div>\n\t\t\t\t\t<\/div>\n\t\t\t\t<\/div>\n\t\t<div class=\"elementor-element elementor-element-86b6873 e-flex e-con-boxed e-con e-parent\" data-id=\"86b6873\" data-element_type=\"container\" data-e-type=\"container\">\n\t\t\t\t\t<div class=\"e-con-inner\">\n\t\t\t\t<div class=\"elementor-element elementor-element-0b6e36b elementor-widget elementor-widget-image\" data-id=\"0b6e36b\" data-element_type=\"widget\" data-e-type=\"widget\" data-widget_type=\"image.default\">\n\t\t\t\t\t\t\t\t\t\t\t\t\t\t\t<img decoding=\"async\" width=\"950\" height=\"285\" src=\"https:\/\/powerinsideout.com\/wp-content\/uploads\/2025\/10\/market-layoffs2.png\" class=\"attachment-large size-large wp-image-1013\" alt=\"\" srcset=\"https:\/\/powerinsideout.com\/wp-content\/uploads\/2025\/10\/market-layoffs2.png 1000w, https:\/\/powerinsideout.com\/wp-content\/uploads\/2025\/10\/market-layoffs2-300x90.png 300w, https:\/\/powerinsideout.com\/wp-content\/uploads\/2025\/10\/market-layoffs2-18x5.png 18w\" sizes=\"100vw\" \/>\t\t\t\t\t\t\t\t\t\t\t\t\t\t\t<\/div>\n\t\t\t\t\t<\/div>\n\t\t\t\t<\/div>\n\t\t<div class=\"elementor-element elementor-element-5b40723 e-flex e-con-boxed e-con e-parent\" data-id=\"5b40723\" data-element_type=\"container\" data-e-type=\"container\">\n\t\t\t\t\t<div class=\"e-con-inner\">\n\t\t\t\t<div class=\"elementor-element elementor-element-36ad619 elementor-widget elementor-widget-text-editor\" data-id=\"36ad619\" data-element_type=\"widget\" data-e-type=\"widget\" data-widget_type=\"text-editor.default\">\n\t\t\t\t\t\t\t\t\t<p class=\"cvGsUA direction-ltr align-start para-style-body\"><span class=\"a_GcMg font-feature-liga-off font-feature-clig-off font-feature-calt-off text-decoration-none text-strikethrough-none\" style=\"color: #0b4068; font-weight: bold;\">\u00bfQu\u00e9 sucede cuando delegamos?<\/span><\/p>\n<p class=\"cvGsUA direction-ltr align-start para-style-body\"><span class=\"a_GcMg font-feature-liga-off font-feature-clig-off font-feature-calt-off text-decoration-none text-strikethrough-none\">La delegaci\u00f3n es un viaje que requiere confianza, paciencia y la voluntad de soltar, pero las recompensas son inmensurables. Queremos tener \u00e9xito en el nuevo trabajo, incluso viendo nuestro \u00e9xito anterior, tal vez debido a lo que hicimos solos. Pero el nuevo rol puede necesitar algo diferente.<\/span><\/p>\t\t\t\t\t\t\t\t<\/div>\n\t\t\t\t\t<\/div>\n\t\t\t\t<\/div>\n\t\t<div class=\"elementor-element elementor-element-1f258e7 e-flex e-con-boxed e-con e-parent\" data-id=\"1f258e7\" data-element_type=\"container\" data-e-type=\"container\">\n\t\t\t\t\t<div class=\"e-con-inner\">\n\t\t\t\t<div class=\"elementor-element elementor-element-edfd088 elementor-widget elementor-widget-image\" data-id=\"edfd088\" data-element_type=\"widget\" data-e-type=\"widget\" data-widget_type=\"image.default\">\n\t\t\t\t\t\t\t\t\t\t\t\t\t\t\t<img loading=\"lazy\" decoding=\"async\" width=\"950\" height=\"285\" src=\"https:\/\/powerinsideout.com\/wp-content\/uploads\/2025\/10\/market-layoffs3.png\" class=\"attachment-large size-large wp-image-1014\" alt=\"\" srcset=\"https:\/\/powerinsideout.com\/wp-content\/uploads\/2025\/10\/market-layoffs3.png 1000w, https:\/\/powerinsideout.com\/wp-content\/uploads\/2025\/10\/market-layoffs3-300x90.png 300w, https:\/\/powerinsideout.com\/wp-content\/uploads\/2025\/10\/market-layoffs3-18x5.png 18w\" sizes=\"100vw\" \/>\t\t\t\t\t\t\t\t\t\t\t\t\t\t\t<\/div>\n\t\t\t\t\t<\/div>\n\t\t\t\t<\/div>\n\t\t<div class=\"elementor-element elementor-element-63cdb38 e-flex e-con-boxed e-con e-parent\" data-id=\"63cdb38\" data-element_type=\"container\" data-e-type=\"container\">\n\t\t\t\t\t<div class=\"e-con-inner\">\n\t\t\t\t<div class=\"elementor-element elementor-element-6143a66 elementor-widget elementor-widget-text-editor\" data-id=\"6143a66\" data-element_type=\"widget\" data-e-type=\"widget\" data-widget_type=\"text-editor.default\">\n\t\t\t\t\t\t\t\t\t<p class=\"cvGsUA direction-ltr align-start para-style-body\"><span class=\"a_GcMg font-feature-liga-off font-feature-clig-off font-feature-calt-off text-decoration-none text-strikethrough-none\">La delegaci\u00f3n crea un poderoso efecto domin\u00f3 en toda una organizaci\u00f3n. Cuando los l\u00edderes delegan de manera efectiva, no solo liberan su propio tiempo para que puedas concentrarte en lo que realmente importa, sino que tambi\u00e9n crean oportunidades para que otros desarrollen nuevas habilidades y asuman mayores responsabilidades.<\/span><\/p>\n<p class=\"cvGsUA direction-ltr align-start para-style-body\"><span class=\"a_GcMg font-feature-liga-off font-feature-clig-off font-feature-calt-off text-decoration-none text-strikethrough-none\">Debemos darnos cuenta de que un l\u00edder no puede tener \u00e9xito sin delegaci\u00f3n. Y los miembros del equipo no pueden crecer a menos que est\u00e9n empoderados para tomar algunas decisiones y liderar algunas actividades.<\/span><\/p>\n<p class=\"cvGsUA direction-ltr align-start para-style-body\"><span class=\"a_GcMg font-feature-liga-off font-feature-clig-off font-feature-calt-off text-decoration-none text-strikethrough-none\"style=\"color: #0b4068; font-weight: bold;\">Mejores Pr\u00e1cticas para la Delegaci\u00f3n<\/span><\/p>\n<p class=\"cvGsUA direction-ltr align-start para-style-body\"><span class=\"a_GcMg font-feature-liga-off font-feature-clig-off font-feature-calt-off text-decoration-none text-strikethrough-none\">La delegaci\u00f3n, como muchas capacidades de liderazgo, se puede aprender. Hay t\u00e9cnicas para delegar y superar los desaf\u00edos. Los l\u00edderes deben centrarse en:<\/span><\/p>\n\n<ul>\n \t<li><span class=\"a_GcMg font-feature-liga-off font-feature-clig-off font-feature-calt-off text-decoration-none text-strikethrough-none\"style=\"color: #0b4068; font-weight: bold;\">Definir claramente la tarea:<\/span><span class=\"a_GcMg font-feature-liga-off font-feature-clig-off font-feature-calt-off text-decoration-none text-strikethrough-none\">Explica el objetivo, la importancia y los resultados esperados del trabajo delegado.<\/span><\/li>\n \t<li><span class=\"a_GcMg font-feature-liga-off font-feature-clig-off font-feature-calt-off text-decoration-none text-strikethrough-none\"style=\"color: #0b4068; font-weight: bold;\">Proporcionar contexto:<\/span><span class=\"a_GcMg font-feature-liga-off font-feature-clig-off font-feature-calt-off text-decoration-none text-strikethrough-none\"> Ayuda a los miembros del equipo a comprender c\u00f3mo su trabajo encaja en el panorama general y contribuye a los objetivos organizacionales.<\/span><\/li>\n \t<li><span class=\"a_GcMg font-feature-liga-off font-feature-clig-off font-feature-calt-off text-decoration-none text-strikethrough-none\"style=\"color: #0b4068; font-weight: bold;\">Centrarse en los resultados, no en los m\u00e9todos: <\/span><span class=\"a_GcMg font-feature-liga-off font-feature-clig-off font-feature-calt-off text-decoration-none text-strikethrough-none\">Permite que los miembros del equipo aborden las tareas a su manera si logran el resultado deseado. Conc\u00e9ntrate en cu\u00e1l es el resultado, no en c\u00f3mo debe hacerse, mientras te mantienes cerca si la persona necesita apoyo.<\/span><\/li>\n \t<li><span class=\"a_GcMg font-feature-liga-off font-feature-clig-off font-feature-calt-off text-decoration-none text-strikethrough-none\"style=\"color: #0b4068; font-weight: bold;\">Ofrecer los recursos y la capacitaci\u00f3n necesarios:<\/span><span class=\"a_GcMg font-feature-liga-off font-feature-clig-off font-feature-calt-off text-decoration-none text-strikethrough-none\"> Aseg\u00farate de que los delegados tengan las herramientas, la informaci\u00f3n y el apoyo necesarios para tener \u00e9xito.<\/span><\/li>\n \t<li><span class=\"a_GcMg font-feature-liga-off font-feature-clig-off font-feature-calt-off text-decoration-none text-strikethrough-none\"style=\"color: #0b4068; font-weight: bold;\">Establecer puntos de control e hitos:<\/span><span class=\"a_GcMg font-feature-liga-off font-feature-clig-off font-feature-calt-off text-decoration-none text-strikethrough-none\"> Configura check-ins regulares para monitorear el progreso y proporcionar retroalimentaci\u00f3n sin microgestionar.<\/span><\/li>\n \t<li><span class=\"a_GcMg font-feature-liga-off font-feature-clig-off font-feature-calt-off text-decoration-none text-strikethrough-none\"style=\"color: #0b4068; font-weight: bold;\">Proporcionar retroalimentaci\u00f3n y reconocimiento:<\/span><span class=\"a_GcMg font-feature-liga-off font-feature-clig-off font-feature-calt-off text-decoration-none text-strikethrough-none\">Ofrece retroalimentaci\u00f3n constructiva y celebra el progreso para mantener a los miembros del equipo motivados.<\/span><\/li>\n \t<li><span class=\"a_GcMg font-feature-liga-off font-feature-clig-off font-feature-calt-off text-decoration-none text-strikethrough-none\"style=\"color: #0b4068; font-weight: bold;\">Practicar el soltar:<\/span><span class=\"a_GcMg font-feature-liga-off font-feature-clig-off font-feature-calt-off text-decoration-none text-strikethrough-none\"> Aprende a dar un paso atr\u00e1s y permitir que otros asuman la responsabilidad de las tareas que gestionabas anteriormente.<\/span><\/li>\n<\/ul>\n<p class=\"cvGsUA direction-ltr align-start para-style-body\"><span class=\"a_GcMg font-feature-liga-off font-feature-clig-off font-feature-calt-off text-decoration-none text-strikethrough-none\"style=\"color: #0b4068; font-weight: bold;\">Lo que NO se Debe Delegar<\/span><\/p>\n<p class=\"cvGsUA direction-ltr align-start para-style-body\"><span class=\"a_GcMg font-feature-liga-off font-feature-clig-off font-feature-calt-off text-decoration-none text-strikethrough-none\">Si bien la delegaci\u00f3n es poderosa, ciertas responsabilidades permanecen firmemente en el dominio del l\u00edder. Por ejemplo, establecer la visi\u00f3n de la organizaci\u00f3n o del equipo no se puede delegar. Si quieres cambiar la cultura de la empresa, debes ser el due\u00f1o. Es posible que tengas que gestionar t\u00fa mismo problemas sensibles de los empleados o tareas especializadas si nadie m\u00e1s puede hacerlas.<\/span><\/p>\n<p class=\"cvGsUA direction-ltr align-start para-style-body\"><span class=\"a_GcMg font-feature-liga-off font-feature-clig-off font-feature-calt-off text-decoration-none text-strikethrough-none\"style=\"color: #0b4068; font-weight: bold;\">Conclusi\u00f3n<\/span><\/p>\n<p class=\"cvGsUA direction-ltr align-start para-style-body\"><span class=\"a_GcMg font-feature-liga-off font-feature-clig-off font-feature-calt-off text-decoration-none text-strikethrough-none\">La delegaci\u00f3n efectiva no se trata solo de la distribuci\u00f3n de tareas, se trata de empoderar a otros, fomentar la confianza y crear una cultura de responsabilidad compartida y aprendizaje continuo.<\/span><\/p>\n<p class=\"cvGsUA direction-ltr align-start para-style-body\"><span class=\"a_GcMg font-feature-liga-off font-feature-clig-off font-feature-calt-off text-decoration-none text-strikethrough-none\">Se necesita tiempo para dominar la delegaci\u00f3n. A medida que adquieras m\u00e1s experiencia como l\u00edder, vendr\u00e1 de forma natural. Tener m\u00e1s herramientas y desarrollo de liderazgo acelerar\u00e1 el proceso.<\/span><\/p>\n<p class=\"cvGsUA direction-ltr align-start para-style-body\"><span class=\"a_GcMg font-feature-liga-off font-feature-clig-off font-feature-calt-off text-decoration-none text-strikethrough-none\">Hemos identificado esta \u00e1rea como una solicitud com\u00fan para nuestros entrenamientos de liderazgo, debido al impacto que agrega a la Organizaci\u00f3n y c\u00f3mo puede ayudar a la organizaci\u00f3n a crecer y mantenerse competitiva.<\/span><\/p>\n<p class=\"cvGsUA direction-ltr align-start para-style-body\"><span class=\"a_GcMg font-feature-liga-off font-feature-clig-off font-feature-calt-off text-decoration-none text-strikethrough-none\">Al adoptar esta mentalidad, podemos realmente crecer y dejar crecer, fomentando una cultura de colaboraci\u00f3n, confianza y potencial ilimitado.<\/span><\/p>\n<p class=\"cvGsUA direction-ltr align-start para-style-body\"><span class=\"a_GcMg font-feature-liga-off font-feature-clig-off font-feature-calt-off text-decoration-none text-strikethrough-none\">\u00bfListo para liberarte de la trampa de la delegaci\u00f3n y desbloquear el potencial de tu empresa? Cont\u00e1ctanos para saber c\u00f3mo nuestro entrenamiento de liderazgo puede ayudarte a convertirte en un delegador m\u00e1s efectivo y un l\u00edder m\u00e1s estrat\u00e9gico.<\/span><\/p>\n<p class=\"cvGsUA direction-ltr align-start para-style-body\"><\/p>\t\t\t\t\t\t\t\t<\/div>\n\t\t\t\t<div class=\"elementor-element elementor-element-2a55a10 elementor-align-center elementor-widget elementor-widget-button\" data-id=\"2a55a10\" data-element_type=\"widget\" data-e-type=\"widget\" data-widget_type=\"button.default\">\n\t\t\t\t\t\t\t\t\t\t<a class=\"elementor-button elementor-button-link elementor-size-sm\" href=\"https:\/\/powerinsideout.com\/en\/blog\/\">\n\t\t\t\t\t\t<span class=\"elementor-button-content-wrapper\">\n\t\t\t\t\t\t\t\t\t<span class=\"elementor-button-text\">Volver a blog<\/span>\n\t\t\t\t\t<\/span>\n\t\t\t\t\t<\/a>\n\t\t\t\t\t\t\t\t<\/div>\n\t\t\t\t<div class=\"elementor-element elementor-element-e71a947 elementor-align-center elementor-widget elementor-widget-button\" data-id=\"e71a947\" data-element_type=\"widget\" data-e-type=\"widget\" data-widget_type=\"button.default\">\n\t\t\t\t\t\t\t\t\t\t<a class=\"elementor-button elementor-button-link elementor-size-sm\" href=\"https:\/\/powerinsideout.com\/en\/contact-power-inside-out\/\">\n\t\t\t\t\t\t<span class=\"elementor-button-content-wrapper\">\n\t\t\t\t\t\t\t\t\t<span class=\"elementor-button-text\">Contactanos<\/span>\n\t\t\t\t\t<\/span>\n\t\t\t\t\t<\/a>\n\t\t\t\t\t\t\t\t<\/div>\n\t\t\t\t\t<\/div>\n\t\t\t\t<\/div>\n\t\t\t\t<\/div>","protected":false},"excerpt":{"rendered":"<p>Deja de ser tu propio cuello de botella. Aprende c\u00f3mo la delegaci\u00f3n inteligente desbloquea la productividad, la confianza y el crecimiento empresarial.<\/p>","protected":false},"author":1,"featured_media":1020,"comment_status":"closed","ping_status":"open","sticky":false,"template":"","format":"standard","meta":{"content-type":"","footnotes":""},"categories":[6],"tags":[],"class_list":["post-1019","post","type-post","status-publish","format-standard","has-post-thumbnail","hentry","category-blog"],"yoast_head":"<!-- This site is optimized with the Yoast SEO plugin v27.2 - https:\/\/yoast.com\/product\/yoast-seo-wordpress\/ -->\n<title>The Delegation Trap: Are You a Bottleneck to Your Own Growth? - POWER INSIDE OUT<\/title>\n<meta name=\"description\" content=\"Are you unintentionally slowing your business by not delegating? Learn how the delegation trap stifles growth and what to do about it.\" \/>\n<meta name=\"robots\" content=\"index, follow, max-snippet:-1, max-image-preview:large, max-video-preview:-1\" \/>\n<link rel=\"canonical\" href=\"https:\/\/powerinsideout.com\/es\/the-delegation-trap-are-you-a-bottleneck-to-your-own-growth\/\" \/>\n<meta property=\"og:locale\" content=\"es_ES\" \/>\n<meta property=\"og:type\" content=\"article\" \/>\n<meta property=\"og:title\" content=\"The Delegation Trap: Are You a Bottleneck to Your Own Growth? - POWER INSIDE OUT\" \/>\n<meta property=\"og:description\" content=\"Are you unintentionally slowing your business by not delegating? Learn how the delegation trap stifles growth and what to do about it.\" \/>\n<meta property=\"og:url\" content=\"https:\/\/powerinsideout.com\/es\/the-delegation-trap-are-you-a-bottleneck-to-your-own-growth\/\" \/>\n<meta property=\"og:site_name\" content=\"POWER INSIDE OUT\" \/>\n<meta property=\"article:published_time\" content=\"2025-03-04T13:20:00+00:00\" \/>\n<meta property=\"article:modified_time\" content=\"2026-02-13T15:41:15+00:00\" \/>\n<meta property=\"og:image\" content=\"https:\/\/powerinsideout.com\/wp-content\/uploads\/2025\/10\/portada-blog-2.png\" \/>\n\t<meta property=\"og:image:width\" content=\"1000\" \/>\n\t<meta property=\"og:image:height\" content=\"500\" \/>\n\t<meta property=\"og:image:type\" content=\"image\/png\" \/>\n<meta name=\"author\" content=\"Lucas Martinez\" \/>\n<meta name=\"twitter:card\" content=\"summary_large_image\" \/>\n<meta name=\"twitter:label1\" content=\"Escrito por\" \/>\n\t<meta name=\"twitter:data1\" content=\"Lucas Martinez\" \/>\n\t<meta name=\"twitter:label2\" content=\"Tiempo de lectura\" \/>\n\t<meta name=\"twitter:data2\" content=\"6 minutos\" \/>\n<script type=\"application\/ld+json\" class=\"yoast-schema-graph\">{\"@context\":\"https:\/\/schema.org\",\"@graph\":[{\"@type\":\"Article\",\"@id\":\"https:\/\/powerinsideout.com\/the-delegation-trap-are-you-a-bottleneck-to-your-own-growth\/#article\",\"isPartOf\":{\"@id\":\"https:\/\/powerinsideout.com\/the-delegation-trap-are-you-a-bottleneck-to-your-own-growth\/\"},\"author\":{\"name\":\"Lucas Martinez\",\"@id\":\"https:\/\/powerinsideout.com\/#\/schema\/person\/6f45aa05d20bb8738d9c89b33e1ca8e6\"},\"headline\":\"The Delegation Trap: Are You a Bottleneck to Your Own Growth?\",\"datePublished\":\"2025-03-04T13:20:00+00:00\",\"dateModified\":\"2026-02-13T15:41:15+00:00\",\"mainEntityOfPage\":{\"@id\":\"https:\/\/powerinsideout.com\/the-delegation-trap-are-you-a-bottleneck-to-your-own-growth\/\"},\"wordCount\":1069,\"publisher\":{\"@id\":\"https:\/\/powerinsideout.com\/#organization\"},\"image\":{\"@id\":\"https:\/\/powerinsideout.com\/the-delegation-trap-are-you-a-bottleneck-to-your-own-growth\/#primaryimage\"},\"thumbnailUrl\":\"https:\/\/powerinsideout.com\/wp-content\/uploads\/2025\/10\/portada-blog-2.png\",\"articleSection\":[\"Blog\"],\"inLanguage\":\"es\"},{\"@type\":\"WebPage\",\"@id\":\"https:\/\/powerinsideout.com\/the-delegation-trap-are-you-a-bottleneck-to-your-own-growth\/\",\"url\":\"https:\/\/powerinsideout.com\/the-delegation-trap-are-you-a-bottleneck-to-your-own-growth\/\",\"name\":\"The Delegation Trap: Are You a Bottleneck to Your Own Growth? - POWER INSIDE OUT\",\"isPartOf\":{\"@id\":\"https:\/\/powerinsideout.com\/#website\"},\"primaryImageOfPage\":{\"@id\":\"https:\/\/powerinsideout.com\/the-delegation-trap-are-you-a-bottleneck-to-your-own-growth\/#primaryimage\"},\"image\":{\"@id\":\"https:\/\/powerinsideout.com\/the-delegation-trap-are-you-a-bottleneck-to-your-own-growth\/#primaryimage\"},\"thumbnailUrl\":\"https:\/\/powerinsideout.com\/wp-content\/uploads\/2025\/10\/portada-blog-2.png\",\"datePublished\":\"2025-03-04T13:20:00+00:00\",\"dateModified\":\"2026-02-13T15:41:15+00:00\",\"description\":\"Are you unintentionally slowing your business by not delegating? Learn how the delegation trap stifles growth and what to do about it.\",\"breadcrumb\":{\"@id\":\"https:\/\/powerinsideout.com\/the-delegation-trap-are-you-a-bottleneck-to-your-own-growth\/#breadcrumb\"},\"inLanguage\":\"es\",\"potentialAction\":[{\"@type\":\"ReadAction\",\"target\":[\"https:\/\/powerinsideout.com\/the-delegation-trap-are-you-a-bottleneck-to-your-own-growth\/\"]}]},{\"@type\":\"ImageObject\",\"inLanguage\":\"es\",\"@id\":\"https:\/\/powerinsideout.com\/the-delegation-trap-are-you-a-bottleneck-to-your-own-growth\/#primaryimage\",\"url\":\"https:\/\/powerinsideout.com\/wp-content\/uploads\/2025\/10\/portada-blog-2.png\",\"contentUrl\":\"https:\/\/powerinsideout.com\/wp-content\/uploads\/2025\/10\/portada-blog-2.png\",\"width\":1000,\"height\":500},{\"@type\":\"BreadcrumbList\",\"@id\":\"https:\/\/powerinsideout.com\/the-delegation-trap-are-you-a-bottleneck-to-your-own-growth\/#breadcrumb\",\"itemListElement\":[{\"@type\":\"ListItem\",\"position\":1,\"name\":\"Home\",\"item\":\"https:\/\/powerinsideout.com\/en\/\"},{\"@type\":\"ListItem\",\"position\":2,\"name\":\"The Delegation Trap: Are You a Bottleneck to Your Own Growth?\"}]},{\"@type\":\"WebSite\",\"@id\":\"https:\/\/powerinsideout.com\/#website\",\"url\":\"https:\/\/powerinsideout.com\/\",\"name\":\"POWER INSIDE OUT\",\"description\":\"\",\"publisher\":{\"@id\":\"https:\/\/powerinsideout.com\/#organization\"},\"potentialAction\":[{\"@type\":\"SearchAction\",\"target\":{\"@type\":\"EntryPoint\",\"urlTemplate\":\"https:\/\/powerinsideout.com\/?s={search_term_string}\"},\"query-input\":{\"@type\":\"PropertyValueSpecification\",\"valueRequired\":true,\"valueName\":\"search_term_string\"}}],\"inLanguage\":\"es\"},{\"@type\":\"Organization\",\"@id\":\"https:\/\/powerinsideout.com\/#organization\",\"name\":\"POWER INSIDE OUT\",\"url\":\"https:\/\/powerinsideout.com\/\",\"logo\":{\"@type\":\"ImageObject\",\"inLanguage\":\"es\",\"@id\":\"https:\/\/powerinsideout.com\/#\/schema\/logo\/image\/\",\"url\":\"https:\/\/powerinsideout.com\/wp-content\/uploads\/2026\/01\/cropped-logo-400x100-1-1.webp\",\"contentUrl\":\"https:\/\/powerinsideout.com\/wp-content\/uploads\/2026\/01\/cropped-logo-400x100-1-1.webp\",\"width\":318,\"height\":100,\"caption\":\"POWER INSIDE OUT\"},\"image\":{\"@id\":\"https:\/\/powerinsideout.com\/#\/schema\/logo\/image\/\"},\"sameAs\":[\"https:\/\/www.linkedin.com\/company\/powerinsideout\/\"]},{\"@type\":\"Person\",\"@id\":\"https:\/\/powerinsideout.com\/#\/schema\/person\/6f45aa05d20bb8738d9c89b33e1ca8e6\",\"name\":\"Lucas Martinez\",\"image\":{\"@type\":\"ImageObject\",\"inLanguage\":\"es\",\"@id\":\"https:\/\/secure.gravatar.com\/avatar\/be817700894b2c92d2ead82bcbec328af3bb073578703456cca5be0b3ff24b2d?s=96&d=mm&r=g\",\"url\":\"https:\/\/secure.gravatar.com\/avatar\/be817700894b2c92d2ead82bcbec328af3bb073578703456cca5be0b3ff24b2d?s=96&d=mm&r=g\",\"contentUrl\":\"https:\/\/secure.gravatar.com\/avatar\/be817700894b2c92d2ead82bcbec328af3bb073578703456cca5be0b3ff24b2d?s=96&d=mm&r=g\",\"caption\":\"Lucas Martinez\"},\"sameAs\":[\"https:\/\/powerinsideout.com\"],\"url\":\"http:\/\/powerinsideout.com\/es\/author\/pio_admin\/\"}]}<\/script>\n<!-- \/ Yoast SEO plugin. -->","yoast_head_json":{"title":"The Delegation Trap: Are You a Bottleneck to Your Own Growth? - POWER INSIDE OUT","description":"Are you unintentionally slowing your business by not delegating? Learn how the delegation trap stifles growth and what to do about it.","robots":{"index":"index","follow":"follow","max-snippet":"max-snippet:-1","max-image-preview":"max-image-preview:large","max-video-preview":"max-video-preview:-1"},"canonical":"https:\/\/powerinsideout.com\/es\/the-delegation-trap-are-you-a-bottleneck-to-your-own-growth\/","og_locale":"es_ES","og_type":"article","og_title":"The Delegation Trap: Are You a Bottleneck to Your Own Growth? - POWER INSIDE OUT","og_description":"Are you unintentionally slowing your business by not delegating? Learn how the delegation trap stifles growth and what to do about it.","og_url":"https:\/\/powerinsideout.com\/es\/the-delegation-trap-are-you-a-bottleneck-to-your-own-growth\/","og_site_name":"POWER INSIDE OUT","article_published_time":"2025-03-04T13:20:00+00:00","article_modified_time":"2026-02-13T15:41:15+00:00","og_image":[{"width":1000,"height":500,"url":"https:\/\/powerinsideout.com\/wp-content\/uploads\/2025\/10\/portada-blog-2.png","type":"image\/png"}],"author":"Lucas Martinez","twitter_card":"summary_large_image","twitter_misc":{"Escrito por":"Lucas Martinez","Tiempo de lectura":"6 minutos"},"schema":{"@context":"https:\/\/schema.org","@graph":[{"@type":"Article","@id":"https:\/\/powerinsideout.com\/the-delegation-trap-are-you-a-bottleneck-to-your-own-growth\/#article","isPartOf":{"@id":"https:\/\/powerinsideout.com\/the-delegation-trap-are-you-a-bottleneck-to-your-own-growth\/"},"author":{"name":"Lucas Martinez","@id":"https:\/\/powerinsideout.com\/#\/schema\/person\/6f45aa05d20bb8738d9c89b33e1ca8e6"},"headline":"The Delegation Trap: Are You a Bottleneck to Your Own Growth?","datePublished":"2025-03-04T13:20:00+00:00","dateModified":"2026-02-13T15:41:15+00:00","mainEntityOfPage":{"@id":"https:\/\/powerinsideout.com\/the-delegation-trap-are-you-a-bottleneck-to-your-own-growth\/"},"wordCount":1069,"publisher":{"@id":"https:\/\/powerinsideout.com\/#organization"},"image":{"@id":"https:\/\/powerinsideout.com\/the-delegation-trap-are-you-a-bottleneck-to-your-own-growth\/#primaryimage"},"thumbnailUrl":"https:\/\/powerinsideout.com\/wp-content\/uploads\/2025\/10\/portada-blog-2.png","articleSection":["Blog"],"inLanguage":"es"},{"@type":"WebPage","@id":"https:\/\/powerinsideout.com\/the-delegation-trap-are-you-a-bottleneck-to-your-own-growth\/","url":"https:\/\/powerinsideout.com\/the-delegation-trap-are-you-a-bottleneck-to-your-own-growth\/","name":"The Delegation Trap: Are You a Bottleneck to Your Own Growth? - POWER INSIDE OUT","isPartOf":{"@id":"https:\/\/powerinsideout.com\/#website"},"primaryImageOfPage":{"@id":"https:\/\/powerinsideout.com\/the-delegation-trap-are-you-a-bottleneck-to-your-own-growth\/#primaryimage"},"image":{"@id":"https:\/\/powerinsideout.com\/the-delegation-trap-are-you-a-bottleneck-to-your-own-growth\/#primaryimage"},"thumbnailUrl":"https:\/\/powerinsideout.com\/wp-content\/uploads\/2025\/10\/portada-blog-2.png","datePublished":"2025-03-04T13:20:00+00:00","dateModified":"2026-02-13T15:41:15+00:00","description":"Are you unintentionally slowing your business by not delegating? Learn how the delegation trap stifles growth and what to do about it.","breadcrumb":{"@id":"https:\/\/powerinsideout.com\/the-delegation-trap-are-you-a-bottleneck-to-your-own-growth\/#breadcrumb"},"inLanguage":"es","potentialAction":[{"@type":"ReadAction","target":["https:\/\/powerinsideout.com\/the-delegation-trap-are-you-a-bottleneck-to-your-own-growth\/"]}]},{"@type":"ImageObject","inLanguage":"es","@id":"https:\/\/powerinsideout.com\/the-delegation-trap-are-you-a-bottleneck-to-your-own-growth\/#primaryimage","url":"https:\/\/powerinsideout.com\/wp-content\/uploads\/2025\/10\/portada-blog-2.png","contentUrl":"https:\/\/powerinsideout.com\/wp-content\/uploads\/2025\/10\/portada-blog-2.png","width":1000,"height":500},{"@type":"BreadcrumbList","@id":"https:\/\/powerinsideout.com\/the-delegation-trap-are-you-a-bottleneck-to-your-own-growth\/#breadcrumb","itemListElement":[{"@type":"ListItem","position":1,"name":"Home","item":"https:\/\/powerinsideout.com\/en\/"},{"@type":"ListItem","position":2,"name":"The Delegation Trap: Are You a Bottleneck to Your Own Growth?"}]},{"@type":"WebSite","@id":"https:\/\/powerinsideout.com\/#website","url":"https:\/\/powerinsideout.com\/","name":"POWER INSIDE OUT","description":"","publisher":{"@id":"https:\/\/powerinsideout.com\/#organization"},"potentialAction":[{"@type":"SearchAction","target":{"@type":"EntryPoint","urlTemplate":"https:\/\/powerinsideout.com\/?s={search_term_string}"},"query-input":{"@type":"PropertyValueSpecification","valueRequired":true,"valueName":"search_term_string"}}],"inLanguage":"es"},{"@type":"Organization","@id":"https:\/\/powerinsideout.com\/#organization","name":"POWER INSIDE OUT","url":"https:\/\/powerinsideout.com\/","logo":{"@type":"ImageObject","inLanguage":"es","@id":"https:\/\/powerinsideout.com\/#\/schema\/logo\/image\/","url":"https:\/\/powerinsideout.com\/wp-content\/uploads\/2026\/01\/cropped-logo-400x100-1-1.webp","contentUrl":"https:\/\/powerinsideout.com\/wp-content\/uploads\/2026\/01\/cropped-logo-400x100-1-1.webp","width":318,"height":100,"caption":"POWER INSIDE OUT"},"image":{"@id":"https:\/\/powerinsideout.com\/#\/schema\/logo\/image\/"},"sameAs":["https:\/\/www.linkedin.com\/company\/powerinsideout\/"]},{"@type":"Person","@id":"https:\/\/powerinsideout.com\/#\/schema\/person\/6f45aa05d20bb8738d9c89b33e1ca8e6","name":"Lucas Martinez","image":{"@type":"ImageObject","inLanguage":"es","@id":"https:\/\/secure.gravatar.com\/avatar\/be817700894b2c92d2ead82bcbec328af3bb073578703456cca5be0b3ff24b2d?s=96&d=mm&r=g","url":"https:\/\/secure.gravatar.com\/avatar\/be817700894b2c92d2ead82bcbec328af3bb073578703456cca5be0b3ff24b2d?s=96&d=mm&r=g","contentUrl":"https:\/\/secure.gravatar.com\/avatar\/be817700894b2c92d2ead82bcbec328af3bb073578703456cca5be0b3ff24b2d?s=96&d=mm&r=g","caption":"Lucas Martinez"},"sameAs":["https:\/\/powerinsideout.com"],"url":"http:\/\/powerinsideout.com\/es\/author\/pio_admin\/"}]}},"_links":{"self":[{"href":"http:\/\/powerinsideout.com\/es\/wp-json\/wp\/v2\/posts\/1019","targetHints":{"allow":["GET"]}}],"collection":[{"href":"http:\/\/powerinsideout.com\/es\/wp-json\/wp\/v2\/posts"}],"about":[{"href":"http:\/\/powerinsideout.com\/es\/wp-json\/wp\/v2\/types\/post"}],"author":[{"embeddable":true,"href":"http:\/\/powerinsideout.com\/es\/wp-json\/wp\/v2\/users\/1"}],"replies":[{"embeddable":true,"href":"http:\/\/powerinsideout.com\/es\/wp-json\/wp\/v2\/comments?post=1019"}],"version-history":[{"count":8,"href":"http:\/\/powerinsideout.com\/es\/wp-json\/wp\/v2\/posts\/1019\/revisions"}],"predecessor-version":[{"id":2032,"href":"http:\/\/powerinsideout.com\/es\/wp-json\/wp\/v2\/posts\/1019\/revisions\/2032"}],"wp:featuredmedia":[{"embeddable":true,"href":"http:\/\/powerinsideout.com\/es\/wp-json\/wp\/v2\/media\/1020"}],"wp:attachment":[{"href":"http:\/\/powerinsideout.com\/es\/wp-json\/wp\/v2\/media?parent=1019"}],"wp:term":[{"taxonomy":"category","embeddable":true,"href":"http:\/\/powerinsideout.com\/es\/wp-json\/wp\/v2\/categories?post=1019"},{"taxonomy":"post_tag","embeddable":true,"href":"http:\/\/powerinsideout.com\/es\/wp-json\/wp\/v2\/tags?post=1019"}],"curies":[{"name":"wp","href":"https:\/\/api.w.org\/{rel}","templated":true}]}}